{"id":75236,"date":"2022-11-24T14:23:00","date_gmt":"2022-11-24T13:23:00","guid":{"rendered":"https:\/\/www.siracusa2000.com\/?p=75236"},"modified":"2022-11-24T17:15:23","modified_gmt":"2022-11-24T16:15:23","slug":"tornano-le-vecchie-province-se-si-tratta-di-creare-posti-di-lavoro-la-politica-e-daccordo","status":"publish","type":"post","link":"https:\/\/www.siracusa2000.com\/index.php\/2022\/11\/24\/tornano-le-vecchie-province-se-si-tratta-di-creare-posti-di-lavoro-la-politica-e-daccordo\/","title":{"rendered":"Tornano le Province? Quando si tratta di creare posti di lavoro &#8230; la politica \u00e8 d&#8217;accordo!"},"content":{"rendered":"\n<p>Che la soppressione delle Province fosse stata una scelta scellerata lo si era capito gi\u00e0 dal febbraio 2013 quando, cio\u00e8, la <strong>Sicilia,<\/strong> sempre ultima praticamente in tutto, era stata, invece, la prima a legiferare in tal senso.<\/p>\n\n\n\n<p>Lo avevano capito subito i lavoratori dei quegli Enti intermedi, ai quali sono stati fatti vivere mesi ed anni di preoccupazioni e mortificazioni, dal punto di vista professionale, per via della mancanza di certezze nei pagamenti degli stipendi e per il rischio di trasferimenti o, peggio,  di licenziamenti. <\/p>\n\n\n<div class=\"wp-block-image\">\n<figure class=\"aligncenter size-full\"><img loading=\"lazy\" decoding=\"async\" width=\"861\" height=\"509\" src=\"https:\/\/www.siracusa2000.com\/wp-content\/uploads\/2022\/11\/screenshot-166.png\" alt=\"\" class=\"wp-image-75237\" srcset=\"https:\/\/www.siracusa2000.com\/wp-content\/uploads\/2022\/11\/screenshot-166.png 861w, https:\/\/www.siracusa2000.com\/wp-content\/uploads\/2022\/11\/screenshot-166-300x177.png 300w, https:\/\/www.siracusa2000.com\/wp-content\/uploads\/2022\/11\/screenshot-166-768x454.png 768w\" sizes=\"auto, (max-width: 861px) 100vw, 861px\" \/><\/figure><\/div>\n\n\n<p>Lo avevano capito subito le comunit\u00e0 dei nove territori, spogliate di un Ente che faceva da guida per programmazione ed investimenti, e che si sono ritrovate con infrastrutture ammalorate, scuole sgarrupate e servizi ridotti al lumicino per mancanza di risorse finanziarie.<\/p>\n\n\n\n<p>Lo avevano capito le categorie produttive, private di quel volano, indispensabile per lo sviluppo e per l\u2019economia, che le Province hanno sempre rappresentato.<\/p>\n\n\n\n<p>Gli unici a non averlo capito, a conti fatti, sono stati i politici, i governi regionali che, sull\u2019argomento hanno litigato per quasi un decennio, presentando e ritirando disegni di legge in base ai \u201ccapricci\u201d tra i partiti, annunciando e rinviando le elezioni, rimanendo sordi e ciechi dinnanzi al decadimento e all\u2019impoverimento dei territori.<\/p>\n\n\n\n<p>Probabilmente, i tempi non erano ancora maturi per determinate scelte. Adesso, tra riforme istituzionali, riduzioni del numero dei parlamentari, personaggi di spicco rimasti a spasso in quanto bocciati dagli elettori, c\u2019\u00e8 la necessit\u00e0 di creare nuova occupazione, nuovi posti di lavoro.<\/p>\n\n\n\n<p>Ci sono, insomma, centinaia di ex lavoratori della politica, che non possono accedere ai benefici del <strong>Reddito di Cittadinanza,<\/strong> da ricollocare al pi\u00f9 presto e cos\u00ec, da pi\u00f9 parti, si riconosce l\u2019utilit\u00e0 delle Province e se ne invoca il ritorno con le elezioni di primo livello.<\/p>\n\n\n\n<p>Visti i presupposti, una legge di ripristino, se non incontrer\u00e0 ostacoli a <strong>Roma,<\/strong> probabilmente, arriver\u00e0 nei primissimi mesi del prossimo anno, se non addirittura con il panettone, a <strong>Natale.<\/strong> <\/p>\n\n\n\n<p>Tra maggio e giugno,, si torner\u00e0 a votare per presidenti e consiglieri provinciali che, sotto l\u2019aspetto \u201coccupazionale\u201d, rappresentano una consistente boccata di ossigeno per la categoria, con almeno 500 posti di lavoro. <\/p>\n\n\n\n<p>Poi bisogner\u00e0 scegliere gli assessori, che saranno nominati dai vari presidenti,  i vari assessori, a loro volta, nomineranno i vari consulenti \u2026 e la macchina amministrativa ripartir\u00e0!<\/p>\n\n\n\n<p>Ben venga tutto ci\u00f2, purch\u00e9 ci si ricordi, almeno, dei cittadini, dei disabili che necessitano di assistenza, degli studenti che necessitano di scuole sicure, della viabilit\u00e0 quasi da ricostruire. <\/p>\n\n\n\n<p>Speriamo, insomma, che ci si ricordi che i trasferimenti statali e regionali (che torneranno ad arrivare) dovranno servire per i servizi e non solo per le retribuzioni del personale politico!<\/p>\n\n\n\n<p><em>(foto: archivio siracusa2000)<\/em><\/p>\n\n\n\n<p class=\"has-text-align-right\"><em>\u00a9 Riproduzione riservata<\/em><\/p>\n\n\n\n<figure class=\"wp-block-image size-full\"><img loading=\"lazy\" decoding=\"async\" width=\"914\" height=\"322\" src=\"https:\/\/www.siracusa2000.com\/wp-content\/uploads\/2022\/11\/natale.png\" alt=\"\" class=\"wp-image-75133\" srcset=\"https:\/\/www.siracusa2000.com\/wp-content\/uploads\/2022\/11\/natale.png 914w, https:\/\/www.siracusa2000.com\/wp-content\/uploads\/2022\/11\/natale-300x106.png 300w, https:\/\/www.siracusa2000.com\/wp-content\/uploads\/2022\/11\/natale-768x271.png 768w\" sizes=\"auto, (max-width: 914px) 100vw, 914px\" \/><\/figure>\n","protected":false},"excerpt":{"rendered":"<p>Che la soppressione delle Province fosse stata una scelta scellerata lo si era capito gi\u00e0 dal febbraio 2013 quando, cio\u00e8, la Sicilia, sempre ultima praticamente in tutto, era stata, invece, la prima a legiferare in tal senso. Lo avevano capito <a href=\"https:\/\/www.siracusa2000.com\/index.php\/2022\/11\/24\/tornano-le-vecchie-province-se-si-tratta-di-creare-posti-di-lavoro-la-politica-e-daccordo\/\" class=\"read-more\">Leggi Tutto &#8230;<\/a><\/p>\n","protected":false},"author":1,"featured_media":75237,"comment_status":"closed","ping_status":"closed","sticky":true,"template":"","format":"standard","meta":{"footnotes":""},"categories":[10],"tags":[],"class_list":["post-75236","post","type-post","status-publish","format-standard","has-post-thumbnail","hentry","category-politica"],"_links":{"self":[{"href":"https:\/\/www.siracusa2000.com\/index.php\/wp-json\/wp\/v2\/posts\/75236","targetHints":{"allow":["GET"]}}],"collection":[{"href":"https:\/\/www.siracusa2000.com\/index.php\/wp-json\/wp\/v2\/posts"}],"about":[{"href":"https:\/\/www.siracusa2000.com\/index.php\/wp-json\/wp\/v2\/types\/post"}],"author":[{"embeddable":true,"href":"https:\/\/www.siracusa2000.com\/index.php\/wp-json\/wp\/v2\/users\/1"}],"replies":[{"embeddable":true,"href":"https:\/\/www.siracusa2000.com\/index.php\/wp-json\/wp\/v2\/comments?post=75236"}],"version-history":[{"count":2,"href":"https:\/\/www.siracusa2000.com\/index.php\/wp-json\/wp\/v2\/posts\/75236\/revisions"}],"predecessor-version":[{"id":75240,"href":"https:\/\/www.siracusa2000.com\/index.php\/wp-json\/wp\/v2\/posts\/75236\/revisions\/75240"}],"wp:featuredmedia":[{"embeddable":true,"href":"https:\/\/www.siracusa2000.com\/index.php\/wp-json\/wp\/v2\/media\/75237"}],"wp:attachment":[{"href":"https:\/\/www.siracusa2000.com\/index.php\/wp-json\/wp\/v2\/media?parent=75236"}],"wp:term":[{"taxonomy":"category","embeddable":true,"href":"https:\/\/www.siracusa2000.com\/index.php\/wp-json\/wp\/v2\/categories?post=75236"},{"taxonomy":"post_tag","embeddable":true,"href":"https:\/\/www.siracusa2000.com\/index.php\/wp-json\/wp\/v2\/tags?post=75236"}],"curies":[{"name":"wp","href":"https:\/\/api.w.org\/{rel}","templated":true}]}}