{"id":75253,"date":"2022-11-24T17:44:03","date_gmt":"2022-11-24T16:44:03","guid":{"rendered":"https:\/\/www.siracusa2000.com\/?p=75253"},"modified":"2022-11-24T17:44:03","modified_gmt":"2022-11-24T16:44:03","slug":"no-al-rdc-per-chi-non-ha-completato-gli-studi-la-flc-disapprova-dal-ministro-parole-offensive","status":"publish","type":"post","link":"https:\/\/www.siracusa2000.com\/index.php\/2022\/11\/24\/no-al-rdc-per-chi-non-ha-completato-gli-studi-la-flc-disapprova-dal-ministro-parole-offensive\/","title":{"rendered":"No al RdC per chi non ha completato gli studi. La Flc disapprova: dal ministro parole offensive"},"content":{"rendered":"\n<figure class=\"wp-block-image size-full\"><img decoding=\"async\" src=\"https:\/\/www.siracusa2000.com\/wp-content\/uploads\/2022\/11\/screenshot-169.png\" alt=\"\" class=\"wp-image-75250\"\/><\/figure>\n\n\n\n<p>Non sono piaciute al <strong>segretario regionale della Flc, Adriano Rizza,<\/strong> le parole del ministro dell\u2019Istruzione, riguardo l\u2019esclusione dal diritto al <strong>Reddito di Cittadinanza<\/strong> per coloro i quali non hanno completato il percorso di studi. Dichiarazioni che l\u2019esponente sindacale definisce \u201coffensive e inaccettabili\u201d.<\/p>\n\n\n\n<p>\u201cSe la <strong>Sicilia<\/strong> \u00e8 prima in <strong>Italia<\/strong> come dispersione scolastica\u201d \u2013 dice \u2013 \u201ce raggiunge punte anche del 25% \u00e8 l\u00ec che bisogna intervenire, aiutando proprio quelle persone che sono in difficolta e che non possono mantenere i propri figli a scuola\u201d.<\/p>\n\n\n\n<p>Adriano Rizza accusa la classe politica di essere lontana dalla realt\u00e0 dei fatti, \u201cperch\u00e9 forse il ministro non sa che chi non ha completato il percorso di studi possibilmente \u00e8 perch\u00e9 \u00e8 stato costretto a lavorare e forse\u201d \u2013 conclude \u2013 \u201c\u00e8 stato costretto a lavorare anche in nero\u201d.<\/p>\n\n\n\n<p><em>(foto: il segretario regionale della Flc, A. Rizza)<\/em><\/p>\n\n\n\n<p class=\"has-text-align-right\"><em>\u00a9 Riproduzione riservata<\/em><\/p>\n\n\n\n<figure class=\"wp-block-image size-full\"><img loading=\"lazy\" decoding=\"async\" width=\"926\" height=\"419\" src=\"https:\/\/www.siracusa2000.com\/wp-content\/uploads\/2021\/04\/banner-meteo-weekend.png\" alt=\"\" class=\"wp-image-55152\" srcset=\"https:\/\/www.siracusa2000.com\/wp-content\/uploads\/2021\/04\/banner-meteo-weekend.png 926w, https:\/\/www.siracusa2000.com\/wp-content\/uploads\/2021\/04\/banner-meteo-weekend-300x136.png 300w, https:\/\/www.siracusa2000.com\/wp-content\/uploads\/2021\/04\/banner-meteo-weekend-768x348.png 768w\" sizes=\"auto, (max-width: 926px) 100vw, 926px\" \/><\/figure>\n","protected":false},"excerpt":{"rendered":"<p>Non sono piaciute al segretario regionale della Flc, Adriano Rizza, le parole del ministro dell\u2019Istruzione, riguardo l\u2019esclusione dal diritto al Reddito di Cittadinanza per coloro i quali non hanno completato il percorso di studi. Dichiarazioni che l\u2019esponente sindacale definisce \u201coffensive <a href=\"https:\/\/www.siracusa2000.com\/index.php\/2022\/11\/24\/no-al-rdc-per-chi-non-ha-completato-gli-studi-la-flc-disapprova-dal-ministro-parole-offensive\/\" class=\"read-more\">Leggi Tutto &#8230;<\/a><\/p>\n","protected":false},"author":1,"featured_media":0,"comment_status":"closed","ping_status":"closed","sticky":true,"template":"","format":"standard","meta":{"footnotes":""},"categories":[10],"tags":[],"class_list":["post-75253","post","type-post","status-publish","format-standard","hentry","category-politica"],"_links":{"self":[{"href":"https:\/\/www.siracusa2000.com\/index.php\/wp-json\/wp\/v2\/posts\/75253","targetHints":{"allow":["GET"]}}],"collection":[{"href":"https:\/\/www.siracusa2000.com\/index.php\/wp-json\/wp\/v2\/posts"}],"about":[{"href":"https:\/\/www.siracusa2000.com\/index.php\/wp-json\/wp\/v2\/types\/post"}],"author":[{"embeddable":true,"href":"https:\/\/www.siracusa2000.com\/index.php\/wp-json\/wp\/v2\/users\/1"}],"replies":[{"embeddable":true,"href":"https:\/\/www.siracusa2000.com\/index.php\/wp-json\/wp\/v2\/comments?post=75253"}],"version-history":[{"count":1,"href":"https:\/\/www.siracusa2000.com\/index.php\/wp-json\/wp\/v2\/posts\/75253\/revisions"}],"predecessor-version":[{"id":75254,"href":"https:\/\/www.siracusa2000.com\/index.php\/wp-json\/wp\/v2\/posts\/75253\/revisions\/75254"}],"wp:attachment":[{"href":"https:\/\/www.siracusa2000.com\/index.php\/wp-json\/wp\/v2\/media?parent=75253"}],"wp:term":[{"taxonomy":"category","embeddable":true,"href":"https:\/\/www.siracusa2000.com\/index.php\/wp-json\/wp\/v2\/categories?post=75253"},{"taxonomy":"post_tag","embeddable":true,"href":"https:\/\/www.siracusa2000.com\/index.php\/wp-json\/wp\/v2\/tags?post=75253"}],"curies":[{"name":"wp","href":"https:\/\/api.w.org\/{rel}","templated":true}]}}