{"id":76003,"date":"2022-12-15T09:06:39","date_gmt":"2022-12-15T08:06:39","guid":{"rendered":"https:\/\/www.siracusa2000.com\/?p=76003"},"modified":"2022-12-15T09:06:40","modified_gmt":"2022-12-15T08:06:40","slug":"acireale-grazie-alla-musica-e-alle-professionalita-del-san-camillo-il-miracolo-di-natale","status":"publish","type":"post","link":"https:\/\/www.siracusa2000.com\/index.php\/2022\/12\/15\/acireale-grazie-alla-musica-e-alle-professionalita-del-san-camillo-il-miracolo-di-natale\/","title":{"rendered":"Acireale. Grazie alla musica e alle professionalit\u00e0 del San Camillo, il \u201cmiracolo\u201d di Natale"},"content":{"rendered":"\n<figure class=\"wp-block-image size-full\"><img loading=\"lazy\" decoding=\"async\" width=\"884\" height=\"546\" src=\"https:\/\/www.siracusa2000.com\/wp-content\/uploads\/2022\/12\/screenshot-125.png\" alt=\"\" class=\"wp-image-76004\" srcset=\"https:\/\/www.siracusa2000.com\/wp-content\/uploads\/2022\/12\/screenshot-125.png 884w, https:\/\/www.siracusa2000.com\/wp-content\/uploads\/2022\/12\/screenshot-125-300x185.png 300w, https:\/\/www.siracusa2000.com\/wp-content\/uploads\/2022\/12\/screenshot-125-768x474.png 768w\" sizes=\"auto, (max-width: 884px) 100vw, 884px\" \/><\/figure>\n\n\n\n<p>\u201cArrendesi mai\u201d \u00e8 il titolo di una canzone frutto di una attivit\u00e0 di sostegno particolare che, attraverso la musica, \u00e8 riuscita a realizzare il <strong>\u201cmiracolo\u201d di Natale<\/strong>, come lo hanno definito all\u2019<strong>Istituto Giovanni XXIII dei religiosi Camilliani <\/strong>di <strong>Acireale.<\/strong><\/p>\n\n\n\n<p>Tutto nasce dalla geniale intuizione della <strong>dott.ssa Antonella Grasso<\/strong>, operatrice della struttura, che, con il sostegno di <strong>padre Mario Allegro,<\/strong> \u00e8 riuscita a potenziare i canali comunicativi verbali e non verbali dell\u2019assistita <strong>Annalisa D\u2019Angelo.<\/strong><\/p>\n\n\n\n<p>\u201cQuesto brano\u201d \u2013 spiega la <strong>dott.ssa Grasso<\/strong> &#8211; \u201cvuole essere un messaggio di speranza e ottimismo per quanti vivono una condizione di disabilit\u00e0 che non rappresenta un limite\u201d \u2013 sottolinea &#8211; \u201cma una risorsa\u201d.<\/p>\n\n\n\n<p>E\u2019 stata la stessa <strong>Annalisa<\/strong>, durante la terapia logopedica a proporsi quale autrice di una canzone per esprimere la propria condizione e cos\u00ec, con il testo e la musica di <strong>Antonella Grasso<\/strong> e gli arrangiamenti di <strong>Antonio Ferlito<\/strong><strong>,<\/strong> \u00e8 venuta fuori \u201carrendersi mai\u201d, una&nbsp;lettera rivolta a<strong> Ges\u00f9 Bambino<\/strong>.<\/p>\n\n\n\n<p>A parlare di \u201c<strong>miracolo\u201d di Natale<\/strong> \u00e8 il responsabile dell\u2019<strong>Istituto \u201cGiovanni XXIII\u201d<\/strong>, <strong>padre Mario Allegro, <\/strong>evidenziando le qualit\u00e0 professionali dell\u2019equipe della struttura \u201cche con competenza\u201d \u2013 dice &#8211; \u201cfacilita ogni abilit\u00e0. I nostri assistiti\u201d \u2013 aggiunge &#8211; \u201ccos\u00ec vengono riconosciuti nella societ\u00e0 con la propria differente, straordinaria e ricca arte&#8221;.<\/p>\n\n\n\n<p><em>(foto: la dott.ssa Antonella Grasso)<\/em><\/p>\n\n\n\n<p class=\"has-text-align-right\"><em>\u00a9 Riproduzione riservata<\/em><\/p>\n\n\n<div class=\"wp-block-image\">\n<figure class=\"aligncenter size-full\"><img loading=\"lazy\" decoding=\"async\" width=\"720\" height=\"159\" src=\"https:\/\/www.siracusa2000.com\/wp-content\/uploads\/2022\/08\/banner-meteo.png\" alt=\"\" class=\"wp-image-72101\" srcset=\"https:\/\/www.siracusa2000.com\/wp-content\/uploads\/2022\/08\/banner-meteo.png 720w, https:\/\/www.siracusa2000.com\/wp-content\/uploads\/2022\/08\/banner-meteo-300x66.png 300w\" sizes=\"auto, (max-width: 720px) 100vw, 720px\" \/><\/figure><\/div>","protected":false},"excerpt":{"rendered":"<p>\u201cArrendesi mai\u201d \u00e8 il titolo di una canzone frutto di una attivit\u00e0 di sostegno particolare che, attraverso la musica, \u00e8 riuscita a realizzare il \u201cmiracolo\u201d di Natale, come lo hanno definito all\u2019Istituto Giovanni XXIII dei religiosi Camilliani di Acireale. Tutto <a href=\"https:\/\/www.siracusa2000.com\/index.php\/2022\/12\/15\/acireale-grazie-alla-musica-e-alle-professionalita-del-san-camillo-il-miracolo-di-natale\/\" class=\"read-more\">Leggi Tutto &#8230;<\/a><\/p>\n","protected":false},"author":1,"featured_media":76004,"comment_status":"closed","ping_status":"closed","sticky":true,"template":"","format":"standard","meta":{"footnotes":""},"categories":[9],"tags":[],"class_list":["post-76003","post","type-post","status-publish","format-standard","has-post-thumbnail","hentry","category-fuori-provincia"],"_links":{"self":[{"href":"https:\/\/www.siracusa2000.com\/index.php\/wp-json\/wp\/v2\/posts\/76003","targetHints":{"allow":["GET"]}}],"collection":[{"href":"https:\/\/www.siracusa2000.com\/index.php\/wp-json\/wp\/v2\/posts"}],"about":[{"href":"https:\/\/www.siracusa2000.com\/index.php\/wp-json\/wp\/v2\/types\/post"}],"author":[{"embeddable":true,"href":"https:\/\/www.siracusa2000.com\/index.php\/wp-json\/wp\/v2\/users\/1"}],"replies":[{"embeddable":true,"href":"https:\/\/www.siracusa2000.com\/index.php\/wp-json\/wp\/v2\/comments?post=76003"}],"version-history":[{"count":1,"href":"https:\/\/www.siracusa2000.com\/index.php\/wp-json\/wp\/v2\/posts\/76003\/revisions"}],"predecessor-version":[{"id":76005,"href":"https:\/\/www.siracusa2000.com\/index.php\/wp-json\/wp\/v2\/posts\/76003\/revisions\/76005"}],"wp:featuredmedia":[{"embeddable":true,"href":"https:\/\/www.siracusa2000.com\/index.php\/wp-json\/wp\/v2\/media\/76004"}],"wp:attachment":[{"href":"https:\/\/www.siracusa2000.com\/index.php\/wp-json\/wp\/v2\/media?parent=76003"}],"wp:term":[{"taxonomy":"category","embeddable":true,"href":"https:\/\/www.siracusa2000.com\/index.php\/wp-json\/wp\/v2\/categories?post=76003"},{"taxonomy":"post_tag","embeddable":true,"href":"https:\/\/www.siracusa2000.com\/index.php\/wp-json\/wp\/v2\/tags?post=76003"}],"curies":[{"name":"wp","href":"https:\/\/api.w.org\/{rel}","templated":true}]}}