{"id":76091,"date":"2022-12-18T12:41:00","date_gmt":"2022-12-18T11:41:00","guid":{"rendered":"https:\/\/www.siracusa2000.com\/?p=76091"},"modified":"2022-12-17T21:57:27","modified_gmt":"2022-12-17T20:57:27","slug":"siracusa-italia-viva-completa-lorganigramma-manuel-magnano-nuovo-coordinatore","status":"publish","type":"post","link":"https:\/\/www.siracusa2000.com\/index.php\/2022\/12\/18\/siracusa-italia-viva-completa-lorganigramma-manuel-magnano-nuovo-coordinatore\/","title":{"rendered":"Siracusa. Italia Viva completa l&#8217;organigramma, Manuel Magnano nuovo coordinatore"},"content":{"rendered":"\n<figure class=\"wp-block-image size-large\"><img loading=\"lazy\" decoding=\"async\" width=\"1024\" height=\"628\" src=\"https:\/\/www.siracusa2000.com\/wp-content\/uploads\/2022\/12\/screenshot-145-1024x628.png\" alt=\"\" class=\"wp-image-76092\" srcset=\"https:\/\/www.siracusa2000.com\/wp-content\/uploads\/2022\/12\/screenshot-145-1024x628.png 1024w, https:\/\/www.siracusa2000.com\/wp-content\/uploads\/2022\/12\/screenshot-145-300x184.png 300w, https:\/\/www.siracusa2000.com\/wp-content\/uploads\/2022\/12\/screenshot-145-768x471.png 768w, https:\/\/www.siracusa2000.com\/wp-content\/uploads\/2022\/12\/screenshot-145.png 1064w\" sizes=\"auto, (max-width: 1024px) 100vw, 1024px\" \/><\/figure>\n\n\n\n<p>Con la nomina di <strong>Manuel Mangano<\/strong>, attuale consigliere comunale di <strong>Augusta<\/strong>, a coordinatore provinciale, l\u2019organigramma di <strong>Italia Viva <\/strong>a <strong>Siracusa <\/strong>torna al completo.<\/p>\n\n\n\n<p>\u201cSiamo lieti della scelta effettuata da <strong>Ettore Rosato<\/strong> e <strong>Teresa <\/strong><strong>Bellanova<\/strong>\u201d \u2013 scrivono <strong>Alessandra Furnari<\/strong> e <strong>Manuel Mangano<\/strong> \u2013 \u201ccos\u00ec come lo siamo per la riconferma di <strong>Giancarlo<\/strong><strong>Garozzo<\/strong> quale componente del coordinamento regionale.<\/p>\n\n\n\n<p>Siamo certi\u201d \u2013 aggiungono \u2013 \u201cche questa nuova composizione, che pu\u00f2 contare su un rapporto di collaborazione gi\u00e0 collaudato, potr\u00e0 dare nuova spinta al partito in tutta la provincia e ci consentir\u00e0 di affrontare al meglio\u201d \u2013 concludono <strong>Mangano<\/strong> e <strong>Furnari<\/strong> \u2013 \u201canche le prossime competizioni elettorali\u201d.<br><em>(foto: Manuel Mangano)<\/em><\/p>\n\n\n\n<p class=\"has-text-align-right\"><em>\u00a9 Riproduzione riservata<\/em><em><\/em><\/p>\n\n\n<div class=\"wp-block-image\">\n<figure class=\"aligncenter size-full\"><img loading=\"lazy\" decoding=\"async\" width=\"419\" height=\"319\" src=\"https:\/\/www.siracusa2000.com\/wp-content\/uploads\/2022\/11\/bugclassicshort.png\" alt=\"\" class=\"wp-image-74496\" srcset=\"https:\/\/www.siracusa2000.com\/wp-content\/uploads\/2022\/11\/bugclassicshort.png 419w, https:\/\/www.siracusa2000.com\/wp-content\/uploads\/2022\/11\/bugclassicshort-300x228.png 300w\" sizes=\"auto, (max-width: 419px) 100vw, 419px\" \/><\/figure><\/div>","protected":false},"excerpt":{"rendered":"<p>Con la nomina di Manuel Mangano, attuale consigliere comunale di Augusta, a coordinatore provinciale, l\u2019organigramma di Italia Viva a Siracusa torna al completo. \u201cSiamo lieti della scelta effettuata da Ettore Rosato e Teresa Bellanova\u201d \u2013 scrivono Alessandra Furnari e Manuel <a href=\"https:\/\/www.siracusa2000.com\/index.php\/2022\/12\/18\/siracusa-italia-viva-completa-lorganigramma-manuel-magnano-nuovo-coordinatore\/\" class=\"read-more\">Leggi Tutto &#8230;<\/a><\/p>\n","protected":false},"author":1,"featured_media":76092,"comment_status":"closed","ping_status":"closed","sticky":true,"template":"","format":"standard","meta":{"footnotes":""},"categories":[7],"tags":[],"class_list":["post-76091","post","type-post","status-publish","format-standard","has-post-thumbnail","hentry","category-citta"],"_links":{"self":[{"href":"https:\/\/www.siracusa2000.com\/index.php\/wp-json\/wp\/v2\/posts\/76091","targetHints":{"allow":["GET"]}}],"collection":[{"href":"https:\/\/www.siracusa2000.com\/index.php\/wp-json\/wp\/v2\/posts"}],"about":[{"href":"https:\/\/www.siracusa2000.com\/index.php\/wp-json\/wp\/v2\/types\/post"}],"author":[{"embeddable":true,"href":"https:\/\/www.siracusa2000.com\/index.php\/wp-json\/wp\/v2\/users\/1"}],"replies":[{"embeddable":true,"href":"https:\/\/www.siracusa2000.com\/index.php\/wp-json\/wp\/v2\/comments?post=76091"}],"version-history":[{"count":1,"href":"https:\/\/www.siracusa2000.com\/index.php\/wp-json\/wp\/v2\/posts\/76091\/revisions"}],"predecessor-version":[{"id":76093,"href":"https:\/\/www.siracusa2000.com\/index.php\/wp-json\/wp\/v2\/posts\/76091\/revisions\/76093"}],"wp:featuredmedia":[{"embeddable":true,"href":"https:\/\/www.siracusa2000.com\/index.php\/wp-json\/wp\/v2\/media\/76092"}],"wp:attachment":[{"href":"https:\/\/www.siracusa2000.com\/index.php\/wp-json\/wp\/v2\/media?parent=76091"}],"wp:term":[{"taxonomy":"category","embeddable":true,"href":"https:\/\/www.siracusa2000.com\/index.php\/wp-json\/wp\/v2\/categories?post=76091"},{"taxonomy":"post_tag","embeddable":true,"href":"https:\/\/www.siracusa2000.com\/index.php\/wp-json\/wp\/v2\/tags?post=76091"}],"curies":[{"name":"wp","href":"https:\/\/api.w.org\/{rel}","templated":true}]}}