{"id":79304,"date":"2023-03-19T11:13:00","date_gmt":"2023-03-19T10:13:00","guid":{"rendered":"https:\/\/www.siracusa2000.com\/?p=79304"},"modified":"2023-03-18T16:45:34","modified_gmt":"2023-03-18T15:45:34","slug":"acireale-i-180-anni-della-meridiana-della-basilica-cattedrale-indica-linizio-della-primavera","status":"publish","type":"post","link":"https:\/\/www.siracusa2000.com\/index.php\/2023\/03\/19\/acireale-i-180-anni-della-meridiana-della-basilica-cattedrale-indica-linizio-della-primavera\/","title":{"rendered":"Acireale. I 180 anni della Meridiana della Basilica Cattedrale, indica l&#8217;inizio della primavera"},"content":{"rendered":"\n<figure class=\"wp-block-image size-large\"><img loading=\"lazy\" decoding=\"async\" width=\"1024\" height=\"548\" src=\"https:\/\/www.siracusa2000.com\/wp-content\/uploads\/2023\/03\/screenshot-157-1024x548.png\" alt=\"\" class=\"wp-image-79305\" srcset=\"https:\/\/www.siracusa2000.com\/wp-content\/uploads\/2023\/03\/screenshot-157-1024x548.png 1024w, https:\/\/www.siracusa2000.com\/wp-content\/uploads\/2023\/03\/screenshot-157-300x161.png 300w, https:\/\/www.siracusa2000.com\/wp-content\/uploads\/2023\/03\/screenshot-157-768x411.png 768w, https:\/\/www.siracusa2000.com\/wp-content\/uploads\/2023\/03\/screenshot-157.png 1165w\" sizes=\"auto, (max-width: 1024px) 100vw, 1024px\" \/><\/figure>\n\n\n\n<p>Domani, a partire dalle 11<strong>, <\/strong>l&#8217;ingegnere <strong>Antonino Ortolani<\/strong> illustrer\u00e0 il funzionamento della Meridiana della <strong>Basilica Cattedrale <\/strong>di <strong>Acireale<\/strong>, datata febbraio 1843. <\/p>\n\n\n\n<p>Si tratta di un segmento lungo sedici metri, tracciato sul pavimento, indicante la direzione Nord-Sud, realizzato dallo scultore catanese <strong>Carlo Cal\u00ec,<\/strong> allievo del <strong>Canova<\/strong>. L\u2019opera \u00e8 in marmo bianco di <strong>Carrara<\/strong> e in marmo giallo.<\/p>\n\n\n\n<p>I visitatori potranno osservare l&#8217;esatto momento e il punto in cui la Meridiana segner\u00e0 il Mezzogiorno astronomico, prima dell&#8217;equinozio di primavera.<\/p>\n\n\n\n<p>Ad <strong>Acireale, <\/strong>come in tutti i paesi sullo stesso meridiano, domani, in corrispondenza del mezzogiorno locale, l&#8217;orologio segner\u00e0 le 12.07, per cui bisogner\u00e0 aspettare oltre dieci ore per l&#8217;evento equinoziale, che avverr\u00e0 intorno alle 22.<\/p>\n\n\n\n<p>\u00c8 importante per la Chiesa Cattolica conoscere in questa data la fase lunare, perch\u00e9 la domenica successiva al plenilunio che segue l&#8217;equinozio sar\u00e0 la <strong>Pasqua di Resurrezione<\/strong>, che quest\u2019anno sar\u00e0 il 9 aprile.<\/p>\n\n\n\n<p>L&#8217;evento \u00e8 organizzato dalla <strong>Basilica Cattedrale<\/strong> in collaborazione con l&#8217;<strong>Universit\u00e0 Popolare.<\/strong><\/p>\n\n\n\n<p><em>(foto: l\u2019orologio solare della Cattedrale di Acireale)<\/em><\/p>\n\n\n\n<p class=\"has-text-align-right\"><em>\u00a9 Riproduzione riservata<\/em><\/p>\n\n\n<div class=\"wp-block-image\">\n<figure class=\"aligncenter size-full\"><img loading=\"lazy\" decoding=\"async\" width=\"793\" height=\"216\" src=\"https:\/\/www.siracusa2000.com\/wp-content\/uploads\/2023\/02\/PROGRESSO-CODICE-STRADALE-2.png\" alt=\"\" class=\"wp-image-78476\" srcset=\"https:\/\/www.siracusa2000.com\/wp-content\/uploads\/2023\/02\/PROGRESSO-CODICE-STRADALE-2.png 793w, https:\/\/www.siracusa2000.com\/wp-content\/uploads\/2023\/02\/PROGRESSO-CODICE-STRADALE-2-300x82.png 300w, https:\/\/www.siracusa2000.com\/wp-content\/uploads\/2023\/02\/PROGRESSO-CODICE-STRADALE-2-768x209.png 768w\" sizes=\"auto, (max-width: 793px) 100vw, 793px\" \/><\/figure><\/div>","protected":false},"excerpt":{"rendered":"<p>Domani, a partire dalle 11, l&#8217;ingegnere Antonino Ortolani illustrer\u00e0 il funzionamento della Meridiana della Basilica Cattedrale di Acireale, datata febbraio 1843. Si tratta di un segmento lungo sedici metri, tracciato sul pavimento, indicante la direzione Nord-Sud, realizzato dallo scultore catanese <a href=\"https:\/\/www.siracusa2000.com\/index.php\/2023\/03\/19\/acireale-i-180-anni-della-meridiana-della-basilica-cattedrale-indica-linizio-della-primavera\/\" class=\"read-more\">Leggi Tutto &#8230;<\/a><\/p>\n","protected":false},"author":1,"featured_media":79305,"comment_status":"closed","ping_status":"closed","sticky":true,"template":"","format":"standard","meta":{"footnotes":""},"categories":[9],"tags":[],"class_list":["post-79304","post","type-post","status-publish","format-standard","has-post-thumbnail","hentry","category-fuori-provincia"],"_links":{"self":[{"href":"https:\/\/www.siracusa2000.com\/index.php\/wp-json\/wp\/v2\/posts\/79304","targetHints":{"allow":["GET"]}}],"collection":[{"href":"https:\/\/www.siracusa2000.com\/index.php\/wp-json\/wp\/v2\/posts"}],"about":[{"href":"https:\/\/www.siracusa2000.com\/index.php\/wp-json\/wp\/v2\/types\/post"}],"author":[{"embeddable":true,"href":"https:\/\/www.siracusa2000.com\/index.php\/wp-json\/wp\/v2\/users\/1"}],"replies":[{"embeddable":true,"href":"https:\/\/www.siracusa2000.com\/index.php\/wp-json\/wp\/v2\/comments?post=79304"}],"version-history":[{"count":1,"href":"https:\/\/www.siracusa2000.com\/index.php\/wp-json\/wp\/v2\/posts\/79304\/revisions"}],"predecessor-version":[{"id":79306,"href":"https:\/\/www.siracusa2000.com\/index.php\/wp-json\/wp\/v2\/posts\/79304\/revisions\/79306"}],"wp:featuredmedia":[{"embeddable":true,"href":"https:\/\/www.siracusa2000.com\/index.php\/wp-json\/wp\/v2\/media\/79305"}],"wp:attachment":[{"href":"https:\/\/www.siracusa2000.com\/index.php\/wp-json\/wp\/v2\/media?parent=79304"}],"wp:term":[{"taxonomy":"category","embeddable":true,"href":"https:\/\/www.siracusa2000.com\/index.php\/wp-json\/wp\/v2\/categories?post=79304"},{"taxonomy":"post_tag","embeddable":true,"href":"https:\/\/www.siracusa2000.com\/index.php\/wp-json\/wp\/v2\/tags?post=79304"}],"curies":[{"name":"wp","href":"https:\/\/api.w.org\/{rel}","templated":true}]}}