{"id":79364,"date":"2023-03-21T06:21:00","date_gmt":"2023-03-21T05:21:00","guid":{"rendered":"https:\/\/www.siracusa2000.com\/?p=79364"},"modified":"2023-03-20T20:37:14","modified_gmt":"2023-03-20T19:37:14","slug":"acireale-la-riqualificazione-del-verde-urbano-parte-da-due-mimose-ed-un-ulivo","status":"publish","type":"post","link":"https:\/\/www.siracusa2000.com\/index.php\/2023\/03\/21\/acireale-la-riqualificazione-del-verde-urbano-parte-da-due-mimose-ed-un-ulivo\/","title":{"rendered":"Acireale. La riqualificazione del verde urbano parte da due mimose ed un ulivo"},"content":{"rendered":"\n<figure class=\"wp-block-image size-large\"><img loading=\"lazy\" decoding=\"async\" width=\"1024\" height=\"530\" src=\"https:\/\/www.siracusa2000.com\/wp-content\/uploads\/2023\/03\/screenshot-174-1024x530.png\" alt=\"\" class=\"wp-image-79365\" srcset=\"https:\/\/www.siracusa2000.com\/wp-content\/uploads\/2023\/03\/screenshot-174-1024x530.png 1024w, https:\/\/www.siracusa2000.com\/wp-content\/uploads\/2023\/03\/screenshot-174-300x155.png 300w, https:\/\/www.siracusa2000.com\/wp-content\/uploads\/2023\/03\/screenshot-174-768x398.png 768w, https:\/\/www.siracusa2000.com\/wp-content\/uploads\/2023\/03\/screenshot-174.png 1114w\" sizes=\"auto, (max-width: 1024px) 100vw, 1024px\" \/><\/figure>\n\n\n\n<p>Due alberi di mimosa, simbolo dell\u2019affermazione dei diritti delle donne, e uno di ulivo, simbolo della primavera, saranno piantumati questa mattina nell\u2019area verde tra le vie Wagner e Tivoli, ad<strong> Acireale.<\/strong><\/p>\n\n\n\n<p>L\u2019iniziativa, nella<strong> Giornata nazionale del ricordo delle vittime delle mafie<\/strong>, nasce a seguito della proposta di <strong>Giuseppe Lagona<\/strong>, pensionato di origine palagonese ma, da tre anni, residente ad <strong>Acireale<\/strong>, che ha segnalato lo stato di abbandono in cui versa l\u2019area, sia all<strong>\u2019Universit\u00e0 popolare Giuseppe Cristaldi<\/strong>&#8220;, della quale fa parte, che alla redazione de <strong>&#8220;La Voce dell&#8217;Jonio&#8221;,<\/strong> giornale con il quale collabora.<\/p>\n\n\n\n<p>L\u2019area in questione, all\u2019interno del centro abitato, come sostiene <strong>Lagona<\/strong>, ex tecnico dell\u2019<strong>Enel<\/strong>, \u201cpotrebbe diventare facilmente un angolo verde fruibile per gli abitanti della zona, soprattutto anziani e bambini\u201d.<\/p>\n\n\n\n<p>&nbsp;La cerimonia, prevista per le 11.30, \u00e8 stata possibile grazie ad alcuni volontari, come <strong>Gaetano Torre<\/strong>, anche lui dell&#8217;Universit\u00e0 popolare, che ha procurato gli alberi e si occuper\u00e0 di interrarli. Sar\u00e0 presente il <strong>vicesindaco Palmina Fraschilla.<\/strong><\/p>\n\n\n\n<p><em>(foto: l\u2019area da riqualificare)<\/em><\/p>\n\n\n\n<p class=\"has-text-align-right\"><em>\u00a9 Riproduzione riservata<\/em><\/p>\n\n\n\n<figure class=\"wp-block-image size-full\"><img loading=\"lazy\" decoding=\"async\" width=\"793\" height=\"216\" src=\"https:\/\/www.siracusa2000.com\/wp-content\/uploads\/2023\/02\/PROGRESSO-CODICE-STRADALE-2.png\" alt=\"\" class=\"wp-image-78476\" srcset=\"https:\/\/www.siracusa2000.com\/wp-content\/uploads\/2023\/02\/PROGRESSO-CODICE-STRADALE-2.png 793w, https:\/\/www.siracusa2000.com\/wp-content\/uploads\/2023\/02\/PROGRESSO-CODICE-STRADALE-2-300x82.png 300w, https:\/\/www.siracusa2000.com\/wp-content\/uploads\/2023\/02\/PROGRESSO-CODICE-STRADALE-2-768x209.png 768w\" sizes=\"auto, (max-width: 793px) 100vw, 793px\" \/><\/figure>\n","protected":false},"excerpt":{"rendered":"<p>Due alberi di mimosa, simbolo dell\u2019affermazione dei diritti delle donne, e uno di ulivo, simbolo della primavera, saranno piantumati questa mattina nell\u2019area verde tra le vie Wagner e Tivoli, ad Acireale. L\u2019iniziativa, nella Giornata nazionale del ricordo delle vittime delle <a href=\"https:\/\/www.siracusa2000.com\/index.php\/2023\/03\/21\/acireale-la-riqualificazione-del-verde-urbano-parte-da-due-mimose-ed-un-ulivo\/\" class=\"read-more\">Leggi Tutto &#8230;<\/a><\/p>\n","protected":false},"author":1,"featured_media":79365,"comment_status":"closed","ping_status":"closed","sticky":true,"template":"","format":"standard","meta":{"footnotes":""},"categories":[9],"tags":[],"class_list":["post-79364","post","type-post","status-publish","format-standard","has-post-thumbnail","hentry","category-fuori-provincia"],"_links":{"self":[{"href":"https:\/\/www.siracusa2000.com\/index.php\/wp-json\/wp\/v2\/posts\/79364","targetHints":{"allow":["GET"]}}],"collection":[{"href":"https:\/\/www.siracusa2000.com\/index.php\/wp-json\/wp\/v2\/posts"}],"about":[{"href":"https:\/\/www.siracusa2000.com\/index.php\/wp-json\/wp\/v2\/types\/post"}],"author":[{"embeddable":true,"href":"https:\/\/www.siracusa2000.com\/index.php\/wp-json\/wp\/v2\/users\/1"}],"replies":[{"embeddable":true,"href":"https:\/\/www.siracusa2000.com\/index.php\/wp-json\/wp\/v2\/comments?post=79364"}],"version-history":[{"count":1,"href":"https:\/\/www.siracusa2000.com\/index.php\/wp-json\/wp\/v2\/posts\/79364\/revisions"}],"predecessor-version":[{"id":79366,"href":"https:\/\/www.siracusa2000.com\/index.php\/wp-json\/wp\/v2\/posts\/79364\/revisions\/79366"}],"wp:featuredmedia":[{"embeddable":true,"href":"https:\/\/www.siracusa2000.com\/index.php\/wp-json\/wp\/v2\/media\/79365"}],"wp:attachment":[{"href":"https:\/\/www.siracusa2000.com\/index.php\/wp-json\/wp\/v2\/media?parent=79364"}],"wp:term":[{"taxonomy":"category","embeddable":true,"href":"https:\/\/www.siracusa2000.com\/index.php\/wp-json\/wp\/v2\/categories?post=79364"},{"taxonomy":"post_tag","embeddable":true,"href":"https:\/\/www.siracusa2000.com\/index.php\/wp-json\/wp\/v2\/tags?post=79364"}],"curies":[{"name":"wp","href":"https:\/\/api.w.org\/{rel}","templated":true}]}}