{"id":79576,"date":"2023-03-28T08:26:02","date_gmt":"2023-03-28T06:26:02","guid":{"rendered":"https:\/\/www.siracusa2000.com\/?p=79576"},"modified":"2023-03-28T08:26:03","modified_gmt":"2023-03-28T06:26:03","slug":"siracusa-tavola-rotonda-sulla-disabilita-lo-bianco-risorsa-per-il-mondo-del-lavoro","status":"publish","type":"post","link":"https:\/\/www.siracusa2000.com\/index.php\/2023\/03\/28\/siracusa-tavola-rotonda-sulla-disabilita-lo-bianco-risorsa-per-il-mondo-del-lavoro\/","title":{"rendered":"Siracusa. Tavola rotonda sulla disabilit\u00e0, Lo Bianco: risorsa per il mondo del lavoro"},"content":{"rendered":"\n<figure class=\"wp-block-image size-full\"><img loading=\"lazy\" decoding=\"async\" width=\"983\" height=\"581\" src=\"https:\/\/www.siracusa2000.com\/wp-content\/uploads\/2023\/03\/screenshot-228.png\" alt=\"\" class=\"wp-image-79577\" srcset=\"https:\/\/www.siracusa2000.com\/wp-content\/uploads\/2023\/03\/screenshot-228.png 983w, https:\/\/www.siracusa2000.com\/wp-content\/uploads\/2023\/03\/screenshot-228-300x177.png 300w, https:\/\/www.siracusa2000.com\/wp-content\/uploads\/2023\/03\/screenshot-228-768x454.png 768w\" sizes=\"auto, (max-width: 983px) 100vw, 983px\" \/><\/figure>\n\n\n\n<p>Anche a <strong>Siracusa,<\/strong> come nel resto del mondo, il 21 marzo, <strong>Giornata della Sindrome di Down, <\/strong>si \u00e8 parlato di disabilit\u00e0 ed inclusione, con una tavola rotonda che si \u00e8 svolta all\u2019<strong>Urban center <\/strong>di<strong> via Bixio.<\/strong><\/p>\n\n\n\n<p>Sono state affrontate tematiche riguardanti l\u2019aspetto scolastico, lavorativo e sanitario, nonch\u00e9 della qualit\u00e0 della vita delle persone affette dalla patologia.<\/p>\n\n\n\n<p>Si \u00e8 parlato di disabilit\u00e0 paragonandola ad una risorsa per il mondo del lavoro, come ha sottolineato <strong>Bernadette Lo Bianco, <\/strong><strong>presidente di \u201cSicilia Turismo per Tutti\u201d<\/strong>, presente al tavolo dell\u2019<strong>Urban center<\/strong>.<\/p>\n\n\n\n<p>\u201cE una vera ricchezza per gli altri impiegati delle aziende&#8221;, ha detto, mettendosi a disposizione dell\u2019<strong>AIPD <\/strong>di <strong>Siracusa<\/strong> \u201cper portare avanti il cambiamento culturale dell&#8217;inclusione lavorativa della persona con disabilit\u00e0\u201d.<\/p>\n\n\n\n<p><em>(foto: i rappresentanti delle associazioni che hanno partecipato al tavolo)<\/em><\/p>\n\n\n\n<p class=\"has-text-align-right\"><em>\u00a9 Riproduzione riservata<\/em><\/p>\n\n\n<div class=\"wp-block-image\">\n<figure class=\"aligncenter size-full\"><img loading=\"lazy\" decoding=\"async\" width=\"793\" height=\"216\" src=\"https:\/\/www.siracusa2000.com\/wp-content\/uploads\/2023\/02\/PROGRESSO-CODICE-STRADALE-2.png\" alt=\"\" class=\"wp-image-78476\" srcset=\"https:\/\/www.siracusa2000.com\/wp-content\/uploads\/2023\/02\/PROGRESSO-CODICE-STRADALE-2.png 793w, https:\/\/www.siracusa2000.com\/wp-content\/uploads\/2023\/02\/PROGRESSO-CODICE-STRADALE-2-300x82.png 300w, https:\/\/www.siracusa2000.com\/wp-content\/uploads\/2023\/02\/PROGRESSO-CODICE-STRADALE-2-768x209.png 768w\" sizes=\"auto, (max-width: 793px) 100vw, 793px\" \/><\/figure><\/div>","protected":false},"excerpt":{"rendered":"<p>Anche a Siracusa, come nel resto del mondo, il 21 marzo, Giornata della Sindrome di Down, si \u00e8 parlato di disabilit\u00e0 ed inclusione, con una tavola rotonda che si \u00e8 svolta all\u2019Urban center di via Bixio. Sono state affrontate tematiche <a href=\"https:\/\/www.siracusa2000.com\/index.php\/2023\/03\/28\/siracusa-tavola-rotonda-sulla-disabilita-lo-bianco-risorsa-per-il-mondo-del-lavoro\/\" class=\"read-more\">Leggi Tutto &#8230;<\/a><\/p>\n","protected":false},"author":1,"featured_media":79577,"comment_status":"closed","ping_status":"closed","sticky":true,"template":"","format":"standard","meta":{"footnotes":""},"categories":[7],"tags":[],"class_list":["post-79576","post","type-post","status-publish","format-standard","has-post-thumbnail","hentry","category-citta"],"_links":{"self":[{"href":"https:\/\/www.siracusa2000.com\/index.php\/wp-json\/wp\/v2\/posts\/79576","targetHints":{"allow":["GET"]}}],"collection":[{"href":"https:\/\/www.siracusa2000.com\/index.php\/wp-json\/wp\/v2\/posts"}],"about":[{"href":"https:\/\/www.siracusa2000.com\/index.php\/wp-json\/wp\/v2\/types\/post"}],"author":[{"embeddable":true,"href":"https:\/\/www.siracusa2000.com\/index.php\/wp-json\/wp\/v2\/users\/1"}],"replies":[{"embeddable":true,"href":"https:\/\/www.siracusa2000.com\/index.php\/wp-json\/wp\/v2\/comments?post=79576"}],"version-history":[{"count":1,"href":"https:\/\/www.siracusa2000.com\/index.php\/wp-json\/wp\/v2\/posts\/79576\/revisions"}],"predecessor-version":[{"id":79578,"href":"https:\/\/www.siracusa2000.com\/index.php\/wp-json\/wp\/v2\/posts\/79576\/revisions\/79578"}],"wp:featuredmedia":[{"embeddable":true,"href":"https:\/\/www.siracusa2000.com\/index.php\/wp-json\/wp\/v2\/media\/79577"}],"wp:attachment":[{"href":"https:\/\/www.siracusa2000.com\/index.php\/wp-json\/wp\/v2\/media?parent=79576"}],"wp:term":[{"taxonomy":"category","embeddable":true,"href":"https:\/\/www.siracusa2000.com\/index.php\/wp-json\/wp\/v2\/categories?post=79576"},{"taxonomy":"post_tag","embeddable":true,"href":"https:\/\/www.siracusa2000.com\/index.php\/wp-json\/wp\/v2\/tags?post=79576"}],"curies":[{"name":"wp","href":"https:\/\/api.w.org\/{rel}","templated":true}]}}