{"id":80439,"date":"2023-04-21T08:07:00","date_gmt":"2023-04-21T06:07:00","guid":{"rendered":"https:\/\/www.siracusa2000.com\/?p=80439"},"modified":"2023-04-21T08:31:27","modified_gmt":"2023-04-21T06:31:27","slug":"59-atleti-ai-nastri-di-partenza-della-cursa-di-ciclopi-la-corsa-a-piedi-piu-lunga-deuropa","status":"publish","type":"post","link":"https:\/\/www.siracusa2000.com\/index.php\/2023\/04\/21\/59-atleti-ai-nastri-di-partenza-della-cursa-di-ciclopi-la-corsa-a-piedi-piu-lunga-deuropa\/","title":{"rendered":"59 atleti ai nastri di partenza della &#8220;Cursa di ciclopi&#8221;, la corsa a piedi pi\u00f9 lunga d&#8217;Europa"},"content":{"rendered":"\n<p>Tutto pronto per la \u201c<strong>Cursa di ciclopi<\/strong>\u201d, che prender\u00e0 il via domani da <strong>Cefal\u00f9,<\/strong> raggiunger\u00e0 il versante orientale della <strong>Sicilia<\/strong>, toccando l\u2019<strong>Etna <\/strong>a quota 2.800 metri, e torner\u00e0 nel comune normanno.<\/p>\n\n\n\n<p>59 gli atleti e le atlete, provenienti da 17 nazioni, che si contenderanno la sfida di quella che, con i suoi 509 chilometri, \u00e8 la corsa a piedi pi\u00f9 lunga d\u2019<strong>Europa<\/strong>, attraversando 50 comuni, 8 borghi pi\u00f9 belli d&#8217;<strong>Italia<\/strong>, 4 parchi regionali, parte del <strong>Sentiero Italia,<\/strong> la dorsale dei <strong>Nebrodi <\/strong>e il vulcano attivo pi\u00f9 alto d&#8217;<strong>Europa.<\/strong><\/p>\n\n\n\n<figure class=\"wp-block-image size-large\"><img loading=\"lazy\" decoding=\"async\" width=\"1024\" height=\"593\" src=\"https:\/\/www.siracusa2000.com\/wp-content\/uploads\/2023\/04\/screenshot-158-1024x593.png\" alt=\"\" class=\"wp-image-80440\" srcset=\"https:\/\/www.siracusa2000.com\/wp-content\/uploads\/2023\/04\/screenshot-158-1024x593.png 1024w, https:\/\/www.siracusa2000.com\/wp-content\/uploads\/2023\/04\/screenshot-158-300x174.png 300w, https:\/\/www.siracusa2000.com\/wp-content\/uploads\/2023\/04\/screenshot-158-768x445.png 768w, https:\/\/www.siracusa2000.com\/wp-content\/uploads\/2023\/04\/screenshot-158.png 1055w\" sizes=\"auto, (max-width: 1024px) 100vw, 1024px\" \/><\/figure>\n\n\n\n<p>Lungo il percorso, i partecipanti troveranno 8 \u201cbasi vita\u201d e decine di punti di ristoro, dove potranno riposarsi e ricevere assistenza, anche col supporto di decine di volontari e del Corpo europeo di solidariet\u00e0, coordinati dall&#8217;<strong>Associazione InformaGiovani.<\/strong><strong>&nbsp;<\/strong><\/p>\n\n\n\n<p>La \u201c<strong>Cursa di ciclopi<\/strong>\u201d \u00e8 \u201cfiglia&#8221; del <strong>Tor des G\u00e9ants\u00ae,<\/strong> storica corsa di 330 chilometri, che si corre ogni anno in <strong>Valle d&#8217;Aosta<\/strong>, divenuta uno dei trail running di maggior prestigio internazionale.<\/p>\n\n\n\n<p>Ai nastri di partenza, <strong>Sebastian Raichon<\/strong>, vincitore del Tor des Glaciers 2022,<strong> Marco Gubert,<\/strong> vincitore della Transgrancanaria 360\u00b0 nel 2021 e, tra le donne,<strong> Sabrina Verjee, <\/strong>vincitrice del Tor 2022. Il percorso dovr\u00e0 essere completato entro sabato 29 aprile.<\/p>\n\n\n\n<p>La gara gode del patrocinio della <strong>Regione Siciliana<\/strong> &#8211; Assessorati dell&#8217;Agricoltura e sviluppo rurale, del Territorio e del Turismo, dell\u2019<strong>Ars, <\/strong>e delle Amministrazioni locali delle citt\u00e0 che attraverser\u00e0.<\/p>\n\n\n\n<p><em>(foto: fermo immagine dal video di presentazione della gara)<\/em><\/p>\n\n\n\n<p class=\"has-text-align-right\"><em>\u00a9 Riproduzione riservata<\/em><\/p>\n\n\n\n<figure class=\"wp-block-image size-full\"><img loading=\"lazy\" decoding=\"async\" width=\"926\" height=\"419\" src=\"https:\/\/www.siracusa2000.com\/wp-content\/uploads\/2021\/04\/banner-meteo-weekend.png\" alt=\"\" class=\"wp-image-55152\" srcset=\"https:\/\/www.siracusa2000.com\/wp-content\/uploads\/2021\/04\/banner-meteo-weekend.png 926w, https:\/\/www.siracusa2000.com\/wp-content\/uploads\/2021\/04\/banner-meteo-weekend-300x136.png 300w, https:\/\/www.siracusa2000.com\/wp-content\/uploads\/2021\/04\/banner-meteo-weekend-768x348.png 768w\" sizes=\"auto, (max-width: 926px) 100vw, 926px\" \/><\/figure>\n","protected":false},"excerpt":{"rendered":"<p>Tutto pronto per la \u201cCursa di ciclopi\u201d, che prender\u00e0 il via domani da Cefal\u00f9, raggiunger\u00e0 il versante orientale della Sicilia, toccando l\u2019Etna a quota 2.800 metri, e torner\u00e0 nel comune normanno. 59 gli atleti e le atlete, provenienti da 17 <a href=\"https:\/\/www.siracusa2000.com\/index.php\/2023\/04\/21\/59-atleti-ai-nastri-di-partenza-della-cursa-di-ciclopi-la-corsa-a-piedi-piu-lunga-deuropa\/\" class=\"read-more\">Leggi Tutto &#8230;<\/a><\/p>\n","protected":false},"author":1,"featured_media":80440,"comment_status":"closed","ping_status":"closed","sticky":true,"template":"","format":"standard","meta":{"footnotes":""},"categories":[12],"tags":[],"class_list":["post-80439","post","type-post","status-publish","format-standard","has-post-thumbnail","hentry","category-sport"],"_links":{"self":[{"href":"https:\/\/www.siracusa2000.com\/index.php\/wp-json\/wp\/v2\/posts\/80439","targetHints":{"allow":["GET"]}}],"collection":[{"href":"https:\/\/www.siracusa2000.com\/index.php\/wp-json\/wp\/v2\/posts"}],"about":[{"href":"https:\/\/www.siracusa2000.com\/index.php\/wp-json\/wp\/v2\/types\/post"}],"author":[{"embeddable":true,"href":"https:\/\/www.siracusa2000.com\/index.php\/wp-json\/wp\/v2\/users\/1"}],"replies":[{"embeddable":true,"href":"https:\/\/www.siracusa2000.com\/index.php\/wp-json\/wp\/v2\/comments?post=80439"}],"version-history":[{"count":2,"href":"https:\/\/www.siracusa2000.com\/index.php\/wp-json\/wp\/v2\/posts\/80439\/revisions"}],"predecessor-version":[{"id":80450,"href":"https:\/\/www.siracusa2000.com\/index.php\/wp-json\/wp\/v2\/posts\/80439\/revisions\/80450"}],"wp:featuredmedia":[{"embeddable":true,"href":"https:\/\/www.siracusa2000.com\/index.php\/wp-json\/wp\/v2\/media\/80440"}],"wp:attachment":[{"href":"https:\/\/www.siracusa2000.com\/index.php\/wp-json\/wp\/v2\/media?parent=80439"}],"wp:term":[{"taxonomy":"category","embeddable":true,"href":"https:\/\/www.siracusa2000.com\/index.php\/wp-json\/wp\/v2\/categories?post=80439"},{"taxonomy":"post_tag","embeddable":true,"href":"https:\/\/www.siracusa2000.com\/index.php\/wp-json\/wp\/v2\/tags?post=80439"}],"curies":[{"name":"wp","href":"https:\/\/api.w.org\/{rel}","templated":true}]}}