{"id":80454,"date":"2023-04-21T15:13:00","date_gmt":"2023-04-21T13:13:00","guid":{"rendered":"https:\/\/www.siracusa2000.com\/?p=80454"},"modified":"2023-04-21T10:13:33","modified_gmt":"2023-04-21T08:13:33","slug":"ragusa-celebrazione-78-mo-anniversario-della-liberazione-il-programma-della-giornata","status":"publish","type":"post","link":"https:\/\/www.siracusa2000.com\/index.php\/2023\/04\/21\/ragusa-celebrazione-78-mo-anniversario-della-liberazione-il-programma-della-giornata\/","title":{"rendered":"Ragusa. Celebrazione 78.mo Anniversario della Liberazione, il programma della giornata"},"content":{"rendered":"\n<p>E\u2019 stato diffuso il programma delle celebrazioni del <strong>78.mo Anniversario della Liberazione<\/strong>, marted\u00ec 25 aprile, a <strong>Ragusa.<\/strong><\/p>\n\n\n\n<p>Il corteo con autorit\u00e0, associazioni combattentistiche e cittadinanza, accompagnato dalla banda musicale, si riunir\u00e0 in <strong>piazza Gramsci,<\/strong> alle 10 e, dopo la deposizione di una corona d\u2019alloro presso la <strong>Stele all&#8217;Unit\u00e0 d&#8217;Italia<\/strong>, da parte delle autorit\u00e0, si partir\u00e0 percorrendo <strong>viale Ten. Lena, <\/strong>fino alla lapide intitolata all&#8217;ufficiale, dove sar\u00e0 deposta una corona di fiori.<\/p>\n\n\n\n<figure class=\"wp-block-image size-full\"><img loading=\"lazy\" decoding=\"async\" width=\"852\" height=\"439\" src=\"https:\/\/www.siracusa2000.com\/wp-content\/uploads\/2023\/04\/screenshot-161.png\" alt=\"\" class=\"wp-image-80455\" srcset=\"https:\/\/www.siracusa2000.com\/wp-content\/uploads\/2023\/04\/screenshot-161.png 852w, https:\/\/www.siracusa2000.com\/wp-content\/uploads\/2023\/04\/screenshot-161-300x155.png 300w, https:\/\/www.siracusa2000.com\/wp-content\/uploads\/2023\/04\/screenshot-161-768x396.png 768w\" sizes=\"auto, (max-width: 852px) 100vw, 852px\" \/><\/figure>\n\n\n\n<p>Attraverso <strong>p<\/strong><strong>iazza Libert\u00e0, via Roma, Corso V. Veneto <\/strong>e <strong>via Rapisardi, <\/strong>si raggiunger\u00e0 <strong>corso Italia. <\/strong>Il corteosi posizioner\u00e0 di fronte alle Lapidi poste sulla facciata del <strong>Palazzo Comunale <\/strong>per la deposizione di una corona di fiori.<\/p>\n\n\n\n<p>Altro omaggio floreale in <strong>piazza San Giovanni <\/strong>per la deposizione di una corona di fiori sulla lapide eretta a memoria dei braccianti agricoli caduti in occasione dei fatti del 9 aprile 1921.<\/p>\n\n\n\n<p>Salendo la <strong>scalinata di <\/strong><strong>p<\/strong><strong>iazza San Giovanni<\/strong>, il corteo giunger\u00e0 al sagrato della Cattedrale fino al <strong>Monumento ai Caduti in Guerra. <\/strong>Seguiranno la deposizione di una corona d&#8217;alloro da parte delle autorit\u00e0 e, a conclusione, l\u2019intervento del <strong>vescovo della Diocesi di Ragusa, Mons. Giuseppe La Placa,<\/strong> che benedir\u00e0 il <strong>Monumento ai Caduti.<\/strong><\/p>\n\n\n\n<p><em>(foto: il cortile della Prefettura di Ragusa-immagine ministero dell\u2019Interno)<\/em><\/p>\n\n\n\n<p class=\"has-text-align-right\"><em>\u00a9 Riproduzione riservata<\/em><\/p>\n\n\n<div class=\"wp-block-image\">\n<figure class=\"aligncenter size-full\"><img loading=\"lazy\" decoding=\"async\" width=\"648\" height=\"415\" src=\"https:\/\/www.siracusa2000.com\/wp-content\/uploads\/2023\/03\/banner-golden-classic.png\" alt=\"\" class=\"wp-image-78828\" srcset=\"https:\/\/www.siracusa2000.com\/wp-content\/uploads\/2023\/03\/banner-golden-classic.png 648w, https:\/\/www.siracusa2000.com\/wp-content\/uploads\/2023\/03\/banner-golden-classic-300x192.png 300w\" sizes=\"auto, (max-width: 648px) 100vw, 648px\" \/><\/figure><\/div>","protected":false},"excerpt":{"rendered":"<p>E\u2019 stato diffuso il programma delle celebrazioni del 78.mo Anniversario della Liberazione, marted\u00ec 25 aprile, a Ragusa. Il corteo con autorit\u00e0, associazioni combattentistiche e cittadinanza, accompagnato dalla banda musicale, si riunir\u00e0 in piazza Gramsci, alle 10 e, dopo la deposizione <a href=\"https:\/\/www.siracusa2000.com\/index.php\/2023\/04\/21\/ragusa-celebrazione-78-mo-anniversario-della-liberazione-il-programma-della-giornata\/\" class=\"read-more\">Leggi Tutto &#8230;<\/a><\/p>\n","protected":false},"author":1,"featured_media":80455,"comment_status":"closed","ping_status":"closed","sticky":true,"template":"","format":"standard","meta":{"footnotes":""},"categories":[9],"tags":[],"class_list":["post-80454","post","type-post","status-publish","format-standard","has-post-thumbnail","hentry","category-fuori-provincia"],"_links":{"self":[{"href":"https:\/\/www.siracusa2000.com\/index.php\/wp-json\/wp\/v2\/posts\/80454","targetHints":{"allow":["GET"]}}],"collection":[{"href":"https:\/\/www.siracusa2000.com\/index.php\/wp-json\/wp\/v2\/posts"}],"about":[{"href":"https:\/\/www.siracusa2000.com\/index.php\/wp-json\/wp\/v2\/types\/post"}],"author":[{"embeddable":true,"href":"https:\/\/www.siracusa2000.com\/index.php\/wp-json\/wp\/v2\/users\/1"}],"replies":[{"embeddable":true,"href":"https:\/\/www.siracusa2000.com\/index.php\/wp-json\/wp\/v2\/comments?post=80454"}],"version-history":[{"count":1,"href":"https:\/\/www.siracusa2000.com\/index.php\/wp-json\/wp\/v2\/posts\/80454\/revisions"}],"predecessor-version":[{"id":80456,"href":"https:\/\/www.siracusa2000.com\/index.php\/wp-json\/wp\/v2\/posts\/80454\/revisions\/80456"}],"wp:featuredmedia":[{"embeddable":true,"href":"https:\/\/www.siracusa2000.com\/index.php\/wp-json\/wp\/v2\/media\/80455"}],"wp:attachment":[{"href":"https:\/\/www.siracusa2000.com\/index.php\/wp-json\/wp\/v2\/media?parent=80454"}],"wp:term":[{"taxonomy":"category","embeddable":true,"href":"https:\/\/www.siracusa2000.com\/index.php\/wp-json\/wp\/v2\/categories?post=80454"},{"taxonomy":"post_tag","embeddable":true,"href":"https:\/\/www.siracusa2000.com\/index.php\/wp-json\/wp\/v2\/tags?post=80454"}],"curies":[{"name":"wp","href":"https:\/\/api.w.org\/{rel}","templated":true}]}}