{"id":88533,"date":"2024-02-05T09:50:33","date_gmt":"2024-02-05T08:50:33","guid":{"rendered":"https:\/\/www.siracusa2000.com\/?p=88533"},"modified":"2024-02-05T09:50:33","modified_gmt":"2024-02-05T08:50:33","slug":"siracusa-lambientalista-sebastian-colnaghi-nuovo-promotore-dellavis-giovani","status":"publish","type":"post","link":"https:\/\/www.siracusa2000.com\/index.php\/2024\/02\/05\/siracusa-lambientalista-sebastian-colnaghi-nuovo-promotore-dellavis-giovani\/","title":{"rendered":"Siracusa. L&#8217;ambientalista Sebastian Colnaghi nuovo promotore dell&#8217;Avis Giovani"},"content":{"rendered":"\n<p> L&#8217;ambientalista <strong>Sebastian Colnaghi<\/strong> ha abbracciato la causa dell&#8217;<strong>Associazione Volontari<\/strong> <strong>Italiani del Sangue<\/strong> diventando il nuovo promotore dell\u2019<strong>AVIS Giovani di Siracusa. <\/strong><\/p>\n\n\n\n<p>Nel corso di un&#8217;apprezzata partecipazione al podcast \u201cBuon sangue non mente\u201d, condotto da <strong>Giorgia Minimo<\/strong> e <strong>Stefano Terracciano<\/strong> presso la sede di <strong>Siracusa,<\/strong> <strong>Colnaghi <\/strong>ha evidenziato l&#8217;importanza cruciale della donazione di sangue. <\/p>\n\n\n\n<figure class=\"wp-block-image size-full\"><img loading=\"lazy\" decoding=\"async\" width=\"1019\" height=\"582\" src=\"https:\/\/www.siracusa2000.com\/wp-content\/uploads\/2024\/02\/screenshot-21.png\" alt=\"\" class=\"wp-image-88534\" srcset=\"https:\/\/www.siracusa2000.com\/wp-content\/uploads\/2024\/02\/screenshot-21.png 1019w, https:\/\/www.siracusa2000.com\/wp-content\/uploads\/2024\/02\/screenshot-21-300x171.png 300w, https:\/\/www.siracusa2000.com\/wp-content\/uploads\/2024\/02\/screenshot-21-768x439.png 768w\" sizes=\"auto, (max-width: 1019px) 100vw, 1019px\" \/><\/figure>\n\n\n\n<p>\u201cQuesto impegno\u201d \u2013 commenta l\u2019ambientalista siracusano &#8211; \u201c\u00e8 di fondamentale importanza poich\u00e9, in situazioni di emergenza, la donazione del sangue pu\u00f2 veramente fare la differenza e salvare vite umane\u201d<\/p>\n\n\n\n<p>\u201c<strong>AVIS X il Pianeta<\/strong>\u201d \u00e8 il nuovo slogan che il podcast ha voluto lanciare in questo spazio prezioso per sottolineare il legame tra la salute ambientale e il benessere della comunit\u00e0. Un legame che sintetizza l&#8217;impegno congiunto per promuovere la sostenibilit\u00e0 ambientale attraverso l&#8217;azione di solidariet\u00e0.<\/p>\n\n\n\n<p>L&#8217;<strong>Associazione Volontari Italiani del Sangue <\/strong>sottolinea che la donazione non solo salva vite umane ma contribuisce anche a preservare l&#8217;ambiente riducendo la necessit\u00e0 di risorse per la produzione di sangue artificiale.<\/p>\n\n\n\n<p>Il coinvolgimento di <strong>Sebastian Colnaghi<\/strong> come promotore di <strong>AVIS Giovani di Siracusa<\/strong> rappresenta un passo significativo per diffondere la consapevolezza sulla donazione di sangue. Un gesto che continua a essere vitale per sostenere le emergenze mediche e costruire un futuro pi\u00f9 sano e sostenibile per tutti.<\/p>\n\n\n\n<p><em>(foto: S. Colnaghi con G. Minimo e S. Terracciano)<\/em><\/p>\n\n\n\n<p class=\"has-text-align-right\"><em>\u00a9 Riproduzione riservata<\/em><\/p>\n\n\n\n<figure class=\"wp-block-image size-large\"><img loading=\"lazy\" decoding=\"async\" width=\"1024\" height=\"232\" src=\"https:\/\/www.siracusa2000.com\/wp-content\/uploads\/2022\/10\/BANNER-LACRIMEDAMORETV-1024x232.png\" alt=\"\" class=\"wp-image-74384\" srcset=\"https:\/\/www.siracusa2000.com\/wp-content\/uploads\/2022\/10\/BANNER-LACRIMEDAMORETV-1024x232.png 1024w, https:\/\/www.siracusa2000.com\/wp-content\/uploads\/2022\/10\/BANNER-LACRIMEDAMORETV-300x68.png 300w, https:\/\/www.siracusa2000.com\/wp-content\/uploads\/2022\/10\/BANNER-LACRIMEDAMORETV-768x174.png 768w, https:\/\/www.siracusa2000.com\/wp-content\/uploads\/2022\/10\/BANNER-LACRIMEDAMORETV.png 1030w\" sizes=\"auto, (max-width: 1024px) 100vw, 1024px\" \/><\/figure>\n","protected":false},"excerpt":{"rendered":"<p>L&#8217;ambientalista Sebastian Colnaghi ha abbracciato la causa dell&#8217;Associazione Volontari Italiani del Sangue diventando il nuovo promotore dell\u2019AVIS Giovani di Siracusa. Nel corso di un&#8217;apprezzata partecipazione al podcast \u201cBuon sangue non mente\u201d, condotto da Giorgia Minimo e Stefano Terracciano presso la <a href=\"https:\/\/www.siracusa2000.com\/index.php\/2024\/02\/05\/siracusa-lambientalista-sebastian-colnaghi-nuovo-promotore-dellavis-giovani\/\" class=\"read-more\">Leggi Tutto &#8230;<\/a><\/p>\n","protected":false},"author":1,"featured_media":88534,"comment_status":"closed","ping_status":"closed","sticky":true,"template":"","format":"standard","meta":{"footnotes":""},"categories":[11],"tags":[],"class_list":["post-88533","post","type-post","status-publish","format-standard","has-post-thumbnail","hentry","category-attualita"],"_links":{"self":[{"href":"https:\/\/www.siracusa2000.com\/index.php\/wp-json\/wp\/v2\/posts\/88533","targetHints":{"allow":["GET"]}}],"collection":[{"href":"https:\/\/www.siracusa2000.com\/index.php\/wp-json\/wp\/v2\/posts"}],"about":[{"href":"https:\/\/www.siracusa2000.com\/index.php\/wp-json\/wp\/v2\/types\/post"}],"author":[{"embeddable":true,"href":"https:\/\/www.siracusa2000.com\/index.php\/wp-json\/wp\/v2\/users\/1"}],"replies":[{"embeddable":true,"href":"https:\/\/www.siracusa2000.com\/index.php\/wp-json\/wp\/v2\/comments?post=88533"}],"version-history":[{"count":2,"href":"https:\/\/www.siracusa2000.com\/index.php\/wp-json\/wp\/v2\/posts\/88533\/revisions"}],"predecessor-version":[{"id":88536,"href":"https:\/\/www.siracusa2000.com\/index.php\/wp-json\/wp\/v2\/posts\/88533\/revisions\/88536"}],"wp:featuredmedia":[{"embeddable":true,"href":"https:\/\/www.siracusa2000.com\/index.php\/wp-json\/wp\/v2\/media\/88534"}],"wp:attachment":[{"href":"https:\/\/www.siracusa2000.com\/index.php\/wp-json\/wp\/v2\/media?parent=88533"}],"wp:term":[{"taxonomy":"category","embeddable":true,"href":"https:\/\/www.siracusa2000.com\/index.php\/wp-json\/wp\/v2\/categories?post=88533"},{"taxonomy":"post_tag","embeddable":true,"href":"https:\/\/www.siracusa2000.com\/index.php\/wp-json\/wp\/v2\/tags?post=88533"}],"curies":[{"name":"wp","href":"https:\/\/api.w.org\/{rel}","templated":true}]}}